{"id":6883,"date":"2026-03-13T10:42:36","date_gmt":"2026-03-13T09:42:36","guid":{"rendered":"https:\/\/pedagogie.ac-lille.fr\/chinois\/?p=6883"},"modified":"2026-03-13T10:45:05","modified_gmt":"2026-03-13T09:45:05","slug":"nouvel-an-chinois-au-college-auguste-janvier-academie-damiens","status":"publish","type":"post","link":"https:\/\/pedagogie.ac-lille.fr\/chinois\/nouvel-an-chinois-au-college-auguste-janvier-academie-damiens\/","title":{"rendered":"Nouvel an chinois au coll\u00e8ge Auguste Janvier, acad\u00e9mie d&rsquo;Amiens"},"content":{"rendered":"<div class=\"wp-block-image\">\n<figure class=\"aligncenter size-full\"><img loading=\"lazy\" decoding=\"async\" width=\"1000\" height=\"450\" src=\"https:\/\/pedagogie.ac-lille.fr\/chinois\/wp-content\/uploads\/sites\/39\/2026\/03\/2026-02-09-AC-AMIENS-College-Auguste-Janvier-01.jpg\" alt=\"\" class=\"wp-image-6884\" srcset=\"https:\/\/pedagogie.ac-lille.fr\/chinois\/wp-content\/uploads\/sites\/39\/2026\/03\/2026-02-09-AC-AMIENS-College-Auguste-Janvier-01.jpg 1000w, https:\/\/pedagogie.ac-lille.fr\/chinois\/wp-content\/uploads\/sites\/39\/2026\/03\/2026-02-09-AC-AMIENS-College-Auguste-Janvier-01-300x135.jpg 300w, https:\/\/pedagogie.ac-lille.fr\/chinois\/wp-content\/uploads\/sites\/39\/2026\/03\/2026-02-09-AC-AMIENS-College-Auguste-Janvier-01-768x346.jpg 768w\" sizes=\"auto, (max-width: 1000px) 100vw, 1000px\" \/><\/figure>\n<\/div>\n\n\n<p><p>Le lundi 9 f\u00e9vrier, les \u00e9l\u00e8ves de  LV2 chinois ont organis\u00e9 un spectacle sur le temps de la r\u00e9cr\u00e9ation pour c\u00e9l\u00e9brer le nouvel an chinois.<\/p><\/p>\n\n\n\n<div class=\"wp-block-buttons is-layout-flex wp-block-buttons-is-layout-flex\">\n<div class=\"wp-block-button is-style-outline is-style-outline--1\"><a class=\"wp-block-button__link wp-element-button\" href=\"https:\/\/college-auguste-janvier-amiens.80.ac-amiens.fr\/nouvel-an-chinois-3\/\" target=\"_blank\" rel=\"noreferrer noopener\">Lire la suite sur le site du coll\u00e8ge Auguste Janvier<\/a><\/div>\n<\/div>\n\n\n\n<p>Le jeudi 12 f\u00e9vrier, apr\u00e8s les \u00e9l\u00e8ves de 3\u00e8me lundi matin, c\u2019est au tour des \u00e9l\u00e8ves de quatri\u00e8me, cinqui\u00e8me et sixi\u00e8me de souhaiter un bon nouvel an \u00e0 leurs camarades. Les \u00e9l\u00e8ves ont \u00e9galement particip\u00e9 \u00e0 un atelier de calligraphie de 11h00 \u00e0 12h00.<\/p>\n\n\n\n<div class=\"wp-block-buttons is-layout-flex wp-block-buttons-is-layout-flex\">\n<div class=\"wp-block-button is-style-outline is-style-outline--2\"><a class=\"wp-block-button__link wp-element-button\" href=\"https:\/\/college-auguste-janvier-amiens.80.ac-amiens.fr\/nouvel-an-chinois-2-2\/\" target=\"_blank\" rel=\"noreferrer noopener\">Lire la suite sur le site du coll\u00e8ge Auguste Janvier<\/a><\/div>\n<\/div>\n\n\n\n<p><\/p>\n","protected":false},"excerpt":{"rendered":"<p>Le lundi 9 f\u00e9vrier, les \u00e9l\u00e8ves de LV2 chinois ont organis\u00e9 un spectacle sur le temps de la r\u00e9cr\u00e9ation pour c\u00e9l\u00e9brer le nouvel an chinois. Le jeudi 12 f\u00e9vrier, apr\u00e8s les \u00e9l\u00e8ves de 3\u00e8me lundi matin, c\u2019est au tour des \u00e9l\u00e8ves de quatri\u00e8me, cinqui\u00e8me et sixi\u00e8me de souhaiter un bon nouvel an \u00e0 leurs camarades. [&hellip;]<\/p>\n","protected":false},"author":44,"featured_media":6884,"comment_status":"closed","ping_status":"open","sticky":false,"template":"","format":"standard","meta":{"footnotes":""},"categories":[5,27],"tags":[],"class_list":{"0":"post-6883","1":"post","2":"type-post","3":"status-publish","4":"format-standard","5":"has-post-thumbnail","7":"category-actualites","8":"category-la-vie-dans-les-etablissements","9":"czr-hentry"},"publishpress_future_action":{"enabled":false,"date":"2026-05-03 20:25:20","action":"change-status","newStatus":"draft","terms":[],"taxonomy":"category","extraData":[]},"publishpress_future_workflow_manual_trigger":{"enabledWorkflows":[]},"_links":{"self":[{"href":"https:\/\/pedagogie.ac-lille.fr\/chinois\/wp-json\/wp\/v2\/posts\/6883","targetHints":{"allow":["GET"]}}],"collection":[{"href":"https:\/\/pedagogie.ac-lille.fr\/chinois\/wp-json\/wp\/v2\/posts"}],"about":[{"href":"https:\/\/pedagogie.ac-lille.fr\/chinois\/wp-json\/wp\/v2\/types\/post"}],"author":[{"embeddable":true,"href":"https:\/\/pedagogie.ac-lille.fr\/chinois\/wp-json\/wp\/v2\/users\/44"}],"replies":[{"embeddable":true,"href":"https:\/\/pedagogie.ac-lille.fr\/chinois\/wp-json\/wp\/v2\/comments?post=6883"}],"version-history":[{"count":5,"href":"https:\/\/pedagogie.ac-lille.fr\/chinois\/wp-json\/wp\/v2\/posts\/6883\/revisions"}],"predecessor-version":[{"id":6889,"href":"https:\/\/pedagogie.ac-lille.fr\/chinois\/wp-json\/wp\/v2\/posts\/6883\/revisions\/6889"}],"wp:featuredmedia":[{"embeddable":true,"href":"https:\/\/pedagogie.ac-lille.fr\/chinois\/wp-json\/wp\/v2\/media\/6884"}],"wp:attachment":[{"href":"https:\/\/pedagogie.ac-lille.fr\/chinois\/wp-json\/wp\/v2\/media?parent=6883"}],"wp:term":[{"taxonomy":"category","embeddable":true,"href":"https:\/\/pedagogie.ac-lille.fr\/chinois\/wp-json\/wp\/v2\/categories?post=6883"},{"taxonomy":"post_tag","embeddable":true,"href":"https:\/\/pedagogie.ac-lille.fr\/chinois\/wp-json\/wp\/v2\/tags?post=6883"}],"curies":[{"name":"wp","href":"https:\/\/api.w.org\/{rel}","templated":true}]}}