{"id":1065,"date":"2024-11-04T14:00:36","date_gmt":"2024-11-04T13:00:36","guid":{"rendered":"https:\/\/pedagogie.ac-lille.fr\/numerique-et-sciences-informatiques\/?p=1065"},"modified":"2024-11-04T14:01:07","modified_gmt":"2024-11-04T13:01:07","slug":"30-novembre-et-1er-decembre-2024-a-lille-girls-can-code","status":"publish","type":"post","link":"https:\/\/pedagogie.ac-lille.fr\/numerique-et-sciences-informatiques\/30-novembre-et-1er-decembre-2024-a-lille-girls-can-code\/","title":{"rendered":"30 novembre et 1er d\u00e9cembre 2024 \u00e0 Lille : Girls Can Code!"},"content":{"rendered":"\n<p>L\u2019association Prologin (<a href=\"https:\/\/prologin.org\/\" target=\"_blank\" rel=\"noreferrer noopener\">https:\/\/prologin.org<\/a>) organise un \u00e9v\u00e9nement \u00e0 destination des jeunes coll\u00e9giennes et lyc\u00e9ennes int\u00e9ress\u00e9es par l\u2019informatique.<br>L\u2019\u00e9v\u00e9nement se d\u00e9roule sur un week-end (samedi 30 novembre et dimanche 1er d\u00e9cembre 2024) sur le site de I &lsquo;universit\u00e9 de Lille.<br>Les \u00e9l\u00e8ves seront r\u00e9partis dans les salles informatiques pour mener des projets d\u2019initiation \u00e0 l\u2019informatique ou des projets plus avanc\u00e9s.<br>Les repas seront offerts.<\/p>\n\n\n\n<p>Informations compl\u00e9mentaires sur le site de l&rsquo;\u00e9v\u00e8nement : <a href=\"https:\/\/girlscancode.fr\/\">https:\/\/girlscancode.fr\/<\/a><\/p>\n\n\n\n<div data-wp-interactive=\"core\/file\" class=\"wp-block-file\"><object data-wp-bind--hidden=\"!state.hasPdfPreview\" hidden class=\"wp-block-file__embed\" data=\"https:\/\/pedagogie.ac-lille.fr\/numerique-et-sciences-informatiques\/wp-content\/uploads\/sites\/45\/2024\/11\/Flyer-GCC-Lille-2024.pdf\" type=\"application\/pdf\" style=\"width:100%;height:1200px\" aria-label=\"Contenu embarqu\u00e9 Flyer GCC! Lille 2024.\"><\/object><a id=\"wp-block-file--media-568f8ff6-4327-4bfc-a6fa-879463f679cb\" href=\"https:\/\/pedagogie.ac-lille.fr\/numerique-et-sciences-informatiques\/wp-content\/uploads\/sites\/45\/2024\/11\/Flyer-GCC-Lille-2024.pdf\">Flyer GCC! Lille 2024<\/a><a href=\"https:\/\/pedagogie.ac-lille.fr\/numerique-et-sciences-informatiques\/wp-content\/uploads\/sites\/45\/2024\/11\/Flyer-GCC-Lille-2024.pdf\" class=\"wp-block-file__button wp-element-button\" download aria-describedby=\"wp-block-file--media-568f8ff6-4327-4bfc-a6fa-879463f679cb\">T\u00e9l\u00e9charger<\/a><\/div>\n","protected":false},"excerpt":{"rendered":"<p>L\u2019association Prologin (https:\/\/prologin.org) organise un \u00e9v\u00e9nement \u00e0 destination des jeunes coll\u00e9giennes et lyc\u00e9ennes int\u00e9ress\u00e9es par l\u2019informatique.L\u2019\u00e9v\u00e9nement se d\u00e9roule sur un week-end (samedi 30 novembre et dimanche 1er d\u00e9cembre 2024) sur le site de I &lsquo;universit\u00e9 de Lille.Les \u00e9l\u00e8ves seront r\u00e9partis dans les salles informatiques pour mener des projets d\u2019initiation \u00e0 l\u2019informatique ou des projets plus [&hellip;]<\/p>\n","protected":false},"author":73,"featured_media":685,"comment_status":"closed","ping_status":"open","sticky":true,"template":"","format":"standard","meta":{"ngg_post_thumbnail":0,"footnotes":""},"categories":[19],"tags":[],"class_list":{"0":"post-1065","1":"post","2":"type-post","3":"status-publish","4":"format-standard","5":"has-post-thumbnail","7":"category-actualites","8":"czr-hentry"},"publishpress_future_action":{"enabled":false,"date":"2026-05-03 12:10:44","action":"change-status","newStatus":"draft","terms":[],"taxonomy":"category","extraData":[]},"publishpress_future_workflow_manual_trigger":{"enabledWorkflows":[]},"_links":{"self":[{"href":"https:\/\/pedagogie.ac-lille.fr\/numerique-et-sciences-informatiques\/wp-json\/wp\/v2\/posts\/1065","targetHints":{"allow":["GET"]}}],"collection":[{"href":"https:\/\/pedagogie.ac-lille.fr\/numerique-et-sciences-informatiques\/wp-json\/wp\/v2\/posts"}],"about":[{"href":"https:\/\/pedagogie.ac-lille.fr\/numerique-et-sciences-informatiques\/wp-json\/wp\/v2\/types\/post"}],"author":[{"embeddable":true,"href":"https:\/\/pedagogie.ac-lille.fr\/numerique-et-sciences-informatiques\/wp-json\/wp\/v2\/users\/73"}],"replies":[{"embeddable":true,"href":"https:\/\/pedagogie.ac-lille.fr\/numerique-et-sciences-informatiques\/wp-json\/wp\/v2\/comments?post=1065"}],"version-history":[{"count":1,"href":"https:\/\/pedagogie.ac-lille.fr\/numerique-et-sciences-informatiques\/wp-json\/wp\/v2\/posts\/1065\/revisions"}],"predecessor-version":[{"id":1067,"href":"https:\/\/pedagogie.ac-lille.fr\/numerique-et-sciences-informatiques\/wp-json\/wp\/v2\/posts\/1065\/revisions\/1067"}],"wp:featuredmedia":[{"embeddable":true,"href":"https:\/\/pedagogie.ac-lille.fr\/numerique-et-sciences-informatiques\/wp-json\/wp\/v2\/media\/685"}],"wp:attachment":[{"href":"https:\/\/pedagogie.ac-lille.fr\/numerique-et-sciences-informatiques\/wp-json\/wp\/v2\/media?parent=1065"}],"wp:term":[{"taxonomy":"category","embeddable":true,"href":"https:\/\/pedagogie.ac-lille.fr\/numerique-et-sciences-informatiques\/wp-json\/wp\/v2\/categories?post=1065"},{"taxonomy":"post_tag","embeddable":true,"href":"https:\/\/pedagogie.ac-lille.fr\/numerique-et-sciences-informatiques\/wp-json\/wp\/v2\/tags?post=1065"}],"curies":[{"name":"wp","href":"https:\/\/api.w.org\/{rel}","templated":true}]}}