{"id":1145,"date":"2025-05-14T06:39:51","date_gmt":"2025-05-14T04:39:51","guid":{"rendered":"https:\/\/pedagogie.ac-lille.fr\/numerique-et-sciences-informatiques\/?p=1145"},"modified":"2025-05-14T07:40:21","modified_gmt":"2025-05-14T05:40:21","slug":"resultats-academiques-des-trophees-nsi-2025","status":"publish","type":"post","link":"https:\/\/pedagogie.ac-lille.fr\/numerique-et-sciences-informatiques\/resultats-academiques-des-trophees-nsi-2025\/","title":{"rendered":"R\u00e9sultats acad\u00e9miques des troph\u00e9es NSI 2025"},"content":{"rendered":"\n<p>F\u00e9licitations \u00e0 tous les candidats, aux heureux laur\u00e9ats et \u00e0 tous les professeurs qui ont particip\u00e9 \u00e0 l&rsquo;aventure. <\/p>\n\n\n\n<p>Nous avons 6 projets qui sont s\u00e9lectionn\u00e9s pour les finales nationales. <\/p>\n\n\n\n<p>Voici le palmar\u00e8s pour les acad\u00e9mies Lille \/ Amiens d\u00e9taill\u00e9 avec les vid\u00e9os qui pr\u00e9sentent chaque projet en lien :<\/p>\n\n\n\n<figure class=\"wp-block-table\"><table><tbody><tr><th>Cat\u00e9gorie<\/th><th>Niveau<\/th><th>Projet<\/th><th>El\u00e8ves<\/th><th>Lyc\u00e9e<\/th><\/tr><tr><td>Meilleur projet<\/td><td>Premi\u00e8re<\/td><td><a href=\"https:\/\/tube-sciences-technologies.apps.education.fr\/w\/ofmee3B1txnzyaAtbac6Ne\">Panique au Mus\u00e9e<\/a><\/td><td>Gr\u00e9goire Anrys<br>Loan Ghewy<br>Antoine Gla\u00e7on<br>Yoni Saudemont<\/td><td>Lyc\u00e9e Eug\u00e8ne Thomas <br>Le Quesnoy<\/td><\/tr><tr><td>Meilleur projet<\/td><td>Terminale<\/td><td><a href=\"https:\/\/tube-sciences-technologies.apps.education.fr\/w\/bwwtH72QBVtNZ3pxSaTQYB\">Pixelo<\/a><\/td><td>Maxime Capelle<br>Evane Lantoine<br>Aaron Lebrun<br>Pauline Moreaux<\/td><td>Lyc\u00e9e Eug\u00e8ne Thomas <br>Le Quesnoy<\/td><\/tr><tr><td>Arts et Informatique<\/td><td>Premi\u00e8re<\/td><td><a href=\"https:\/\/tube-sciences-technologies.apps.education.fr\/w\/g3y7buEA2hBHBNMjhtFocG\">La roue de la fortune<\/a><\/td><td>Yoann Cattiaux<br>Lucien De La Vega<br>Louis Richard<br>Lucas Ringeval<br>Lenny Robiquet-Mariage<\/td><td>Lyc\u00e9e Eug\u00e8ne Thomas <br>Le Quesnoy<\/td><\/tr><tr><td>Arts et Informatique<\/td><td>Terminale<\/td><td><a href=\"https:\/\/tube-sciences-technologies.apps.education.fr\/w\/qeeA6xe2z1eTDduEN4vCPk\">Taquin Game<\/a><\/td><td>Zacharie Aubin<br>Iris Mbenda Ngosso<br>Vincent Pandit<br>Mathis Zaracki<\/td><td>Lyc\u00e9e Eug\u00e8ne Thomas <br>Le Quesnoy<\/td><\/tr><tr><td>Coup de Coeur <\/td><td>Premi\u00e8re<\/td><td><a href=\"https:\/\/tube-sciences-technologies.apps.education.fr\/w\/qgv1BCJynpwuiA2asz8HM1\">TapTap<\/a><\/td><td>Chlo\u00e9 Del\u00e9tang<br>Ines Specque<\/td><td>Lyc\u00e9e Blaise Pascal <br>Longuenesse<\/td><\/tr><tr><td>Coup de Coeur <\/td><td>Terminale<\/td><td><a href=\"https:\/\/tube-sciences-technologies.apps.education.fr\/w\/wMNiTzyDCfmRyDh9AwFftk\">Enigm&rsquo;art<\/a><\/td><td>Elouan Bardy<br>Nathan Ghesquiere<br>Samuel Lallemand<br>Elena Longuet<\/td><td>Lyc\u00e9e Pierre d&rsquo;Ailly<br>Compi\u00e8gne<\/td><\/tr><\/tbody><\/table><\/figure>\n\n\n\n<p>Ci-dessous, voici le document de remise des prix : <\/p>\n\n\n\n<div data-wp-interactive=\"core\/file\" class=\"wp-block-file\"><object data-wp-bind--hidden=\"!state.hasPdfPreview\" hidden class=\"wp-block-file__embed\" data=\"https:\/\/pedagogie.ac-lille.fr\/numerique-et-sciences-informatiques\/wp-content\/uploads\/sites\/45\/2025\/05\/Trophees-NSI-2025-remise-des-prix-Lille-Amiens.pdf\" type=\"application\/pdf\" style=\"width:100%;height:600px\" aria-label=\"Contenu embarqu\u00e9 Troph\u00e9es NSI 2025 - remise des prix - Lille &amp; Amiens.\"><\/object><a id=\"wp-block-file--media-ca3a77ff-cd20-4d47-9d42-41beaf746695\" href=\"https:\/\/pedagogie.ac-lille.fr\/numerique-et-sciences-informatiques\/wp-content\/uploads\/sites\/45\/2025\/05\/Trophees-NSI-2025-remise-des-prix-Lille-Amiens.pdf\">Troph\u00e9es NSI 2025 &#8211; remise des prix &#8211; Lille &amp; Amiens<\/a><a href=\"https:\/\/pedagogie.ac-lille.fr\/numerique-et-sciences-informatiques\/wp-content\/uploads\/sites\/45\/2025\/05\/Trophees-NSI-2025-remise-des-prix-Lille-Amiens.pdf\" class=\"wp-block-file__button wp-element-button\" download aria-describedby=\"wp-block-file--media-ca3a77ff-cd20-4d47-9d42-41beaf746695\">T\u00e9l\u00e9charger<\/a><\/div>\n","protected":false},"excerpt":{"rendered":"<p>F\u00e9licitations \u00e0 tous les candidats, aux heureux laur\u00e9ats et \u00e0 tous les professeurs qui ont particip\u00e9 \u00e0 l&rsquo;aventure. Nous avons 6 projets qui sont s\u00e9lectionn\u00e9s pour les finales nationales. Voici le palmar\u00e8s pour les acad\u00e9mies Lille \/ Amiens d\u00e9taill\u00e9 avec les vid\u00e9os qui pr\u00e9sentent chaque projet en lien : Cat\u00e9gorie Niveau Projet El\u00e8ves Lyc\u00e9e Meilleur [&hellip;]<\/p>\n","protected":false},"author":73,"featured_media":662,"comment_status":"closed","ping_status":"open","sticky":true,"template":"","format":"standard","meta":{"ngg_post_thumbnail":0,"footnotes":""},"categories":[19],"tags":[],"class_list":{"0":"post-1145","1":"post","2":"type-post","3":"status-publish","4":"format-standard","5":"has-post-thumbnail","7":"category-actualites","8":"czr-hentry"},"publishpress_future_action":{"enabled":false,"date":"2026-05-03 12:31:39","action":"change-status","newStatus":"draft","terms":[],"taxonomy":"category","extraData":[]},"publishpress_future_workflow_manual_trigger":{"enabledWorkflows":[]},"_links":{"self":[{"href":"https:\/\/pedagogie.ac-lille.fr\/numerique-et-sciences-informatiques\/wp-json\/wp\/v2\/posts\/1145","targetHints":{"allow":["GET"]}}],"collection":[{"href":"https:\/\/pedagogie.ac-lille.fr\/numerique-et-sciences-informatiques\/wp-json\/wp\/v2\/posts"}],"about":[{"href":"https:\/\/pedagogie.ac-lille.fr\/numerique-et-sciences-informatiques\/wp-json\/wp\/v2\/types\/post"}],"author":[{"embeddable":true,"href":"https:\/\/pedagogie.ac-lille.fr\/numerique-et-sciences-informatiques\/wp-json\/wp\/v2\/users\/73"}],"replies":[{"embeddable":true,"href":"https:\/\/pedagogie.ac-lille.fr\/numerique-et-sciences-informatiques\/wp-json\/wp\/v2\/comments?post=1145"}],"version-history":[{"count":4,"href":"https:\/\/pedagogie.ac-lille.fr\/numerique-et-sciences-informatiques\/wp-json\/wp\/v2\/posts\/1145\/revisions"}],"predecessor-version":[{"id":1152,"href":"https:\/\/pedagogie.ac-lille.fr\/numerique-et-sciences-informatiques\/wp-json\/wp\/v2\/posts\/1145\/revisions\/1152"}],"wp:featuredmedia":[{"embeddable":true,"href":"https:\/\/pedagogie.ac-lille.fr\/numerique-et-sciences-informatiques\/wp-json\/wp\/v2\/media\/662"}],"wp:attachment":[{"href":"https:\/\/pedagogie.ac-lille.fr\/numerique-et-sciences-informatiques\/wp-json\/wp\/v2\/media?parent=1145"}],"wp:term":[{"taxonomy":"category","embeddable":true,"href":"https:\/\/pedagogie.ac-lille.fr\/numerique-et-sciences-informatiques\/wp-json\/wp\/v2\/categories?post=1145"},{"taxonomy":"post_tag","embeddable":true,"href":"https:\/\/pedagogie.ac-lille.fr\/numerique-et-sciences-informatiques\/wp-json\/wp\/v2\/tags?post=1145"}],"curies":[{"name":"wp","href":"https:\/\/api.w.org\/{rel}","templated":true}]}}